{"id":2916,"date":"2022-07-06T12:45:31","date_gmt":"2022-07-06T10:45:31","guid":{"rendered":"https:\/\/kaspi.hr\/2022\/07\/06\/the-city-of-kastav-hosted-students-of-summer-school-international-environment-and-european-integration\/"},"modified":"2022-09-17T22:31:59","modified_gmt":"2022-09-17T20:31:59","slug":"the-city-of-kastav-hosted-students-of-summer-school-international-environment-and-european-integration","status":"publish","type":"post","link":"https:\/\/kaspi.hr\/en\/2022\/07\/06\/the-city-of-kastav-hosted-students-of-summer-school-international-environment-and-european-integration\/","title":{"rendered":"The City of Kastav hosted students of Summer School International Environment and European Integration"},"content":{"rendered":"\n<p>On the premises of the newly opened KASPI business incubator, a lecture on existing and future projects of the City of Kastav was held for the attendees of the Summer School. This year, the Faculty of Economics, University of Rijeka, is organising the International Environment and European Integration Summer School, which will be held from <strong>July 4th to 15 2022 godine<\/strong>. This year, the Summer School has <strong>30 participants from 9 countries<\/strong> who are interested in the topic of the European Union, the processes of European integration and business in the international environment. The Summer School is a long-term project of the Faculty of Economics in Rijeka, which created the foundation for strengthening international cooperation in this part of the Republic of Croatia through its activities. Moreover, the special importance of this year&#8217;s Summer School is its implementation under the auspices of the EU, i.e. within the framework of the Jean Monnet Programme.<\/p>\n\n<p>The School provides accommodation and a diverse accompanying program for its participants. The activities include visits to Croatian cities, exploring Croatia&#8217;s natural and cultural sights, and other entertainment facilities.<\/p>\n\n<p>Representatives of the City of Kastav Biljana Maljkovi\u0107 Jakovac, Head of the Department for Development and Funds of the EU, Renato Stankovi\u0107, Project Manager and Matea Cavri\u0107, Head of business incubator KASPI, introduced to the guests the economic, social and cultural activities of the City and provided a guided tour through the cultural attractions.<\/p>\n","protected":false},"excerpt":{"rendered":"<p>On the premises of the newly opened KASPI business incubator, a lecture on existing and future projects of the City of Kastav was held for the attendees of the Summer School. This year, the Faculty of Economics, University of Rijeka, is organising the International Environment and European Integration Summer School, which will be held from [&hellip;]<\/p>\n","protected":false},"author":1,"featured_media":2858,"comment_status":"open","ping_status":"open","sticky":false,"template":"","format":"standard","meta":{"inline_featured_image":false},"categories":[17],"tags":[],"acf":[],"yoast_head":"<!-- This site is optimized with the Yoast SEO plugin v20.10 - https:\/\/yoast.com\/wordpress\/plugins\/seo\/ -->\n<title>The City of Kastav hosted students of Summer School International Environment and European Integration - Kaspi - Poduzetni\u010dki inkubator<\/title>\n<meta name=\"robots\" content=\"index, follow, max-snippet:-1, max-image-preview:large, max-video-preview:-1\" \/>\n<link rel=\"canonical\" href=\"https:\/\/kaspi.hr\/en\/2022\/07\/06\/the-city-of-kastav-hosted-students-of-summer-school-international-environment-and-european-integration\/\" \/>\n<meta property=\"og:locale\" content=\"en_US\" \/>\n<meta property=\"og:type\" content=\"article\" \/>\n<meta property=\"og:title\" content=\"The City of Kastav hosted students of Summer School International Environment and European Integration - Kaspi - Poduzetni\u010dki inkubator\" \/>\n<meta property=\"og:description\" content=\"On the premises of the newly opened KASPI business incubator, a lecture on existing and future projects of the City of Kastav was held for the attendees of the Summer School. This year, the Faculty of Economics, University of Rijeka, is organising the International Environment and European Integration Summer School, which will be held from [&hellip;]\" \/>\n<meta property=\"og:url\" content=\"https:\/\/kaspi.hr\/en\/2022\/07\/06\/the-city-of-kastav-hosted-students-of-summer-school-international-environment-and-european-integration\/\" \/>\n<meta property=\"og:site_name\" content=\"Kaspi - Poduzetni\u010dki inkubator\" \/>\n<meta property=\"article:publisher\" content=\"https:\/\/www.facebook.com\/kaspi.hr\" \/>\n<meta property=\"article:published_time\" content=\"2022-07-06T10:45:31+00:00\" \/>\n<meta property=\"article:modified_time\" content=\"2022-09-17T20:31:59+00:00\" \/>\n<meta property=\"og:image\" content=\"https:\/\/kaspi.hr\/wp-content\/uploads\/2022\/07\/Ljetna-skola-Ekonomski-fakultet.jpg\" \/>\n\t<meta property=\"og:image:width\" content=\"1500\" \/>\n\t<meta property=\"og:image:height\" content=\"1170\" \/>\n\t<meta property=\"og:image:type\" content=\"image\/jpeg\" \/>\n<meta name=\"author\" content=\"kasp_edo\" \/>\n<meta name=\"twitter:card\" content=\"summary_large_image\" \/>\n<meta name=\"twitter:label1\" content=\"Written by\" \/>\n\t<meta name=\"twitter:data1\" content=\"kasp_edo\" \/>\n\t<meta name=\"twitter:label2\" content=\"Est. reading time\" \/>\n\t<meta name=\"twitter:data2\" content=\"1 minute\" \/>\n<script type=\"application\/ld+json\" class=\"yoast-schema-graph\">{\"@context\":\"https:\/\/schema.org\",\"@graph\":[{\"@type\":\"Article\",\"@id\":\"https:\/\/kaspi.hr\/en\/2022\/07\/06\/the-city-of-kastav-hosted-students-of-summer-school-international-environment-and-european-integration\/#article\",\"isPartOf\":{\"@id\":\"https:\/\/kaspi.hr\/en\/2022\/07\/06\/the-city-of-kastav-hosted-students-of-summer-school-international-environment-and-european-integration\/\"},\"author\":{\"name\":\"kasp_edo\",\"@id\":\"https:\/\/kaspi.hr\/#\/schema\/person\/b9f5282c74dd2f58b997135070a460a0\"},\"headline\":\"The City of Kastav hosted students of Summer School International Environment and European Integration\",\"datePublished\":\"2022-07-06T10:45:31+00:00\",\"dateModified\":\"2022-09-17T20:31:59+00:00\",\"mainEntityOfPage\":{\"@id\":\"https:\/\/kaspi.hr\/en\/2022\/07\/06\/the-city-of-kastav-hosted-students-of-summer-school-international-environment-and-european-integration\/\"},\"wordCount\":247,\"commentCount\":0,\"publisher\":{\"@id\":\"https:\/\/kaspi.hr\/#organization\"},\"inLanguage\":\"en-US\",\"potentialAction\":[{\"@type\":\"CommentAction\",\"name\":\"Comment\",\"target\":[\"https:\/\/kaspi.hr\/en\/2022\/07\/06\/the-city-of-kastav-hosted-students-of-summer-school-international-environment-and-european-integration\/#respond\"]}]},{\"@type\":\"WebPage\",\"@id\":\"https:\/\/kaspi.hr\/en\/2022\/07\/06\/the-city-of-kastav-hosted-students-of-summer-school-international-environment-and-european-integration\/\",\"url\":\"https:\/\/kaspi.hr\/en\/2022\/07\/06\/the-city-of-kastav-hosted-students-of-summer-school-international-environment-and-european-integration\/\",\"name\":\"The City of Kastav hosted students of Summer School International Environment and European Integration - Kaspi - Poduzetni\u010dki inkubator\",\"isPartOf\":{\"@id\":\"https:\/\/kaspi.hr\/#website\"},\"datePublished\":\"2022-07-06T10:45:31+00:00\",\"dateModified\":\"2022-09-17T20:31:59+00:00\",\"breadcrumb\":{\"@id\":\"https:\/\/kaspi.hr\/en\/2022\/07\/06\/the-city-of-kastav-hosted-students-of-summer-school-international-environment-and-european-integration\/#breadcrumb\"},\"inLanguage\":\"en-US\",\"potentialAction\":[{\"@type\":\"ReadAction\",\"target\":[\"https:\/\/kaspi.hr\/en\/2022\/07\/06\/the-city-of-kastav-hosted-students-of-summer-school-international-environment-and-european-integration\/\"]}]},{\"@type\":\"BreadcrumbList\",\"@id\":\"https:\/\/kaspi.hr\/en\/2022\/07\/06\/the-city-of-kastav-hosted-students-of-summer-school-international-environment-and-european-integration\/#breadcrumb\",\"itemListElement\":[{\"@type\":\"ListItem\",\"position\":1,\"name\":\"Home\",\"item\":\"https:\/\/kaspi.hr\/\"},{\"@type\":\"ListItem\",\"position\":2,\"name\":\"The City of Kastav hosted students of Summer School International Environment and European Integration\"}]},{\"@type\":\"WebSite\",\"@id\":\"https:\/\/kaspi.hr\/#website\",\"url\":\"https:\/\/kaspi.hr\/\",\"name\":\"Kaspi - Poduzetni\u010dki inkubator\",\"description\":\"dom start-upovima, poduzetnicima, obrtnicima, freelancerima i digitalnim nomadima.\",\"publisher\":{\"@id\":\"https:\/\/kaspi.hr\/#organization\"},\"potentialAction\":[{\"@type\":\"SearchAction\",\"target\":{\"@type\":\"EntryPoint\",\"urlTemplate\":\"https:\/\/kaspi.hr\/?s={search_term_string}\"},\"query-input\":\"required name=search_term_string\"}],\"inLanguage\":\"en-US\"},{\"@type\":\"Organization\",\"@id\":\"https:\/\/kaspi.hr\/#organization\",\"name\":\"KASPI - poduzetni\u010dki inkubator\",\"url\":\"https:\/\/kaspi.hr\/\",\"logo\":{\"@type\":\"ImageObject\",\"inLanguage\":\"en-US\",\"@id\":\"https:\/\/kaspi.hr\/#\/schema\/logo\/image\/\",\"url\":\"https:\/\/kaspi.hr\/wp-content\/uploads\/2022\/04\/KASPI-logo-mobile.svg\",\"contentUrl\":\"https:\/\/kaspi.hr\/wp-content\/uploads\/2022\/04\/KASPI-logo-mobile.svg\",\"width\":160,\"height\":44,\"caption\":\"KASPI - poduzetni\u010dki inkubator\"},\"image\":{\"@id\":\"https:\/\/kaspi.hr\/#\/schema\/logo\/image\/\"},\"sameAs\":[\"https:\/\/www.facebook.com\/kaspi.hr\",\"https:\/\/instagram.com\/kaspi.hr\"]},{\"@type\":\"Person\",\"@id\":\"https:\/\/kaspi.hr\/#\/schema\/person\/b9f5282c74dd2f58b997135070a460a0\",\"name\":\"kasp_edo\",\"image\":{\"@type\":\"ImageObject\",\"inLanguage\":\"en-US\",\"@id\":\"https:\/\/kaspi.hr\/#\/schema\/person\/image\/\",\"url\":\"https:\/\/secure.gravatar.com\/avatar\/95fd7857d16d7242af1e0aeed88081b0?s=96&d=mm&r=g\",\"contentUrl\":\"https:\/\/secure.gravatar.com\/avatar\/95fd7857d16d7242af1e0aeed88081b0?s=96&d=mm&r=g\",\"caption\":\"kasp_edo\"},\"sameAs\":[\"https:\/\/kaspi.hr\"]}]}<\/script>\n<!-- \/ Yoast SEO plugin. -->","yoast_head_json":{"title":"The City of Kastav hosted students of Summer School International Environment and European Integration - Kaspi - Poduzetni\u010dki inkubator","robots":{"index":"index","follow":"follow","max-snippet":"max-snippet:-1","max-image-preview":"max-image-preview:large","max-video-preview":"max-video-preview:-1"},"canonical":"https:\/\/kaspi.hr\/en\/2022\/07\/06\/the-city-of-kastav-hosted-students-of-summer-school-international-environment-and-european-integration\/","og_locale":"en_US","og_type":"article","og_title":"The City of Kastav hosted students of Summer School International Environment and European Integration - Kaspi - Poduzetni\u010dki inkubator","og_description":"On the premises of the newly opened KASPI business incubator, a lecture on existing and future projects of the City of Kastav was held for the attendees of the Summer School. This year, the Faculty of Economics, University of Rijeka, is organising the International Environment and European Integration Summer School, which will be held from [&hellip;]","og_url":"https:\/\/kaspi.hr\/en\/2022\/07\/06\/the-city-of-kastav-hosted-students-of-summer-school-international-environment-and-european-integration\/","og_site_name":"Kaspi - Poduzetni\u010dki inkubator","article_publisher":"https:\/\/www.facebook.com\/kaspi.hr","article_published_time":"2022-07-06T10:45:31+00:00","article_modified_time":"2022-09-17T20:31:59+00:00","og_image":[{"width":1500,"height":1170,"url":"https:\/\/kaspi.hr\/wp-content\/uploads\/2022\/07\/Ljetna-skola-Ekonomski-fakultet.jpg","type":"image\/jpeg"}],"author":"kasp_edo","twitter_card":"summary_large_image","twitter_misc":{"Written by":"kasp_edo","Est. reading time":"1 minute"},"schema":{"@context":"https:\/\/schema.org","@graph":[{"@type":"Article","@id":"https:\/\/kaspi.hr\/en\/2022\/07\/06\/the-city-of-kastav-hosted-students-of-summer-school-international-environment-and-european-integration\/#article","isPartOf":{"@id":"https:\/\/kaspi.hr\/en\/2022\/07\/06\/the-city-of-kastav-hosted-students-of-summer-school-international-environment-and-european-integration\/"},"author":{"name":"kasp_edo","@id":"https:\/\/kaspi.hr\/#\/schema\/person\/b9f5282c74dd2f58b997135070a460a0"},"headline":"The City of Kastav hosted students of Summer School International Environment and European Integration","datePublished":"2022-07-06T10:45:31+00:00","dateModified":"2022-09-17T20:31:59+00:00","mainEntityOfPage":{"@id":"https:\/\/kaspi.hr\/en\/2022\/07\/06\/the-city-of-kastav-hosted-students-of-summer-school-international-environment-and-european-integration\/"},"wordCount":247,"commentCount":0,"publisher":{"@id":"https:\/\/kaspi.hr\/#organization"},"inLanguage":"en-US","potentialAction":[{"@type":"CommentAction","name":"Comment","target":["https:\/\/kaspi.hr\/en\/2022\/07\/06\/the-city-of-kastav-hosted-students-of-summer-school-international-environment-and-european-integration\/#respond"]}]},{"@type":"WebPage","@id":"https:\/\/kaspi.hr\/en\/2022\/07\/06\/the-city-of-kastav-hosted-students-of-summer-school-international-environment-and-european-integration\/","url":"https:\/\/kaspi.hr\/en\/2022\/07\/06\/the-city-of-kastav-hosted-students-of-summer-school-international-environment-and-european-integration\/","name":"The City of Kastav hosted students of Summer School International Environment and European Integration - Kaspi - Poduzetni\u010dki inkubator","isPartOf":{"@id":"https:\/\/kaspi.hr\/#website"},"datePublished":"2022-07-06T10:45:31+00:00","dateModified":"2022-09-17T20:31:59+00:00","breadcrumb":{"@id":"https:\/\/kaspi.hr\/en\/2022\/07\/06\/the-city-of-kastav-hosted-students-of-summer-school-international-environment-and-european-integration\/#breadcrumb"},"inLanguage":"en-US","potentialAction":[{"@type":"ReadAction","target":["https:\/\/kaspi.hr\/en\/2022\/07\/06\/the-city-of-kastav-hosted-students-of-summer-school-international-environment-and-european-integration\/"]}]},{"@type":"BreadcrumbList","@id":"https:\/\/kaspi.hr\/en\/2022\/07\/06\/the-city-of-kastav-hosted-students-of-summer-school-international-environment-and-european-integration\/#breadcrumb","itemListElement":[{"@type":"ListItem","position":1,"name":"Home","item":"https:\/\/kaspi.hr\/"},{"@type":"ListItem","position":2,"name":"The City of Kastav hosted students of Summer School International Environment and European Integration"}]},{"@type":"WebSite","@id":"https:\/\/kaspi.hr\/#website","url":"https:\/\/kaspi.hr\/","name":"Kaspi - Poduzetni\u010dki inkubator","description":"dom start-upovima, poduzetnicima, obrtnicima, freelancerima i digitalnim nomadima.","publisher":{"@id":"https:\/\/kaspi.hr\/#organization"},"potentialAction":[{"@type":"SearchAction","target":{"@type":"EntryPoint","urlTemplate":"https:\/\/kaspi.hr\/?s={search_term_string}"},"query-input":"required name=search_term_string"}],"inLanguage":"en-US"},{"@type":"Organization","@id":"https:\/\/kaspi.hr\/#organization","name":"KASPI - poduzetni\u010dki inkubator","url":"https:\/\/kaspi.hr\/","logo":{"@type":"ImageObject","inLanguage":"en-US","@id":"https:\/\/kaspi.hr\/#\/schema\/logo\/image\/","url":"https:\/\/kaspi.hr\/wp-content\/uploads\/2022\/04\/KASPI-logo-mobile.svg","contentUrl":"https:\/\/kaspi.hr\/wp-content\/uploads\/2022\/04\/KASPI-logo-mobile.svg","width":160,"height":44,"caption":"KASPI - poduzetni\u010dki inkubator"},"image":{"@id":"https:\/\/kaspi.hr\/#\/schema\/logo\/image\/"},"sameAs":["https:\/\/www.facebook.com\/kaspi.hr","https:\/\/instagram.com\/kaspi.hr"]},{"@type":"Person","@id":"https:\/\/kaspi.hr\/#\/schema\/person\/b9f5282c74dd2f58b997135070a460a0","name":"kasp_edo","image":{"@type":"ImageObject","inLanguage":"en-US","@id":"https:\/\/kaspi.hr\/#\/schema\/person\/image\/","url":"https:\/\/secure.gravatar.com\/avatar\/95fd7857d16d7242af1e0aeed88081b0?s=96&d=mm&r=g","contentUrl":"https:\/\/secure.gravatar.com\/avatar\/95fd7857d16d7242af1e0aeed88081b0?s=96&d=mm&r=g","caption":"kasp_edo"},"sameAs":["https:\/\/kaspi.hr"]}]}},"_links":{"self":[{"href":"https:\/\/kaspi.hr\/en\/wp-json\/wp\/v2\/posts\/2916"}],"collection":[{"href":"https:\/\/kaspi.hr\/en\/wp-json\/wp\/v2\/posts"}],"about":[{"href":"https:\/\/kaspi.hr\/en\/wp-json\/wp\/v2\/types\/post"}],"author":[{"embeddable":true,"href":"https:\/\/kaspi.hr\/en\/wp-json\/wp\/v2\/users\/1"}],"replies":[{"embeddable":true,"href":"https:\/\/kaspi.hr\/en\/wp-json\/wp\/v2\/comments?post=2916"}],"version-history":[{"count":1,"href":"https:\/\/kaspi.hr\/en\/wp-json\/wp\/v2\/posts\/2916\/revisions"}],"predecessor-version":[{"id":2917,"href":"https:\/\/kaspi.hr\/en\/wp-json\/wp\/v2\/posts\/2916\/revisions\/2917"}],"wp:featuredmedia":[{"embeddable":true,"href":"https:\/\/kaspi.hr\/en\/wp-json\/wp\/v2\/media\/2858"}],"wp:attachment":[{"href":"https:\/\/kaspi.hr\/en\/wp-json\/wp\/v2\/media?parent=2916"}],"wp:term":[{"taxonomy":"category","embeddable":true,"href":"https:\/\/kaspi.hr\/en\/wp-json\/wp\/v2\/categories?post=2916"},{"taxonomy":"post_tag","embeddable":true,"href":"https:\/\/kaspi.hr\/en\/wp-json\/wp\/v2\/tags?post=2916"}],"curies":[{"name":"wp","href":"https:\/\/api.w.org\/{rel}","templated":true}]}}